{"id":6665,"date":"2013-06-14T16:13:24","date_gmt":"2013-06-14T16:13:24","guid":{"rendered":"https:\/\/dlslawfirm.com\/blog\/lesionado-en-moto-llama-a-un-abogado-de-lesiones-personales-del-bufete-de-dianne-sawaya\/"},"modified":"2013-06-14T16:13:24","modified_gmt":"2013-06-14T16:13:24","slug":"lesionado-en-moto-llama-a-un-abogado-de-lesiones-personales-del-bufete-de-dianne-sawaya","status":"publish","type":"post","link":"https:\/\/dlslawfirm.com\/es\/blog\/lesionado-en-moto-llama-a-un-abogado-de-lesiones-personales-del-bufete-de-dianne-sawaya\/","title":{"rendered":"Lesionado en moto &#8211; Llama a un abogado de lesiones personales del bufete de Dianne Sawaya"},"content":{"rendered":"<div id=\"articleHeader\">Normalmente, cuando pienso en un accidente de moto, pienso en una colisi\u00f3n entre una moto y un coche, o peor a\u00fan, entre una moto y un cami\u00f3n o un semirremolque. Pero este cliente vio lo que puede ser un accidente m\u00e1s com\u00fan.<\/div>\n<div>\n<div>\n<p>Un motorista iba a lo suyo por su carril cuando un coche le cort\u00f3 el paso. El motorista tuvo que dar un fuerte volantazo para evitar ser atropellado, y al hacerlo tumb\u00f3 la moto. El conductor del coche no vio la moto y sigui\u00f3 conduciendo. No conozco m\u00e1s detalles ni s\u00e9 si el motorista result\u00f3 herido, pero ir al suelo en moto no es algo que quieras hacer.<!--more--><\/p>\n<p>Si el motorista hubiera resultado herido y el conductor del coche que caus\u00f3 el accidente no estuviera en ninguna parte, \u00bfentonces qu\u00e9? \u00bfQui\u00e9n es el responsable y, lo que es m\u00e1s importante, qui\u00e9n va a pagar? Piensa en ello como un conductor que se da a la fuga, sin ser atropellado.<\/p>\n<p>Si te ha ocurrido esto, tienes opciones. A\u00fan puedes ser indemnizado por tus lesiones y los da\u00f1os sufridos por tu motocicleta utilizando tu propia cobertura de motorista sin seguro. Tu p\u00f3liza debe proporcionar cobertura aunque el otro conductor se haya ido hace tiempo. De hecho, \u00e9sta es una raz\u00f3n importante por la que todo motorista debe tener un buen nivel de cobertura de no asegurado\/subasegurado en su p\u00f3liza.<\/p>\n<p>Pero las compa\u00f1\u00edas de seguros no siempre est\u00e1n dispuestas a pagar este tipo de reclamaciones, ni tampoco muchas reclamaciones por accidentes de moto. Pueden enfrentarse a ti, aunque sea tu propia aseguradora. Si tu accidente de moto fue causado por un conductor que no se encuentra, ll\u00e1mame hoy al (303) 758-4777 o <a title=\"Correo electr\u00f3nico de Dianne Sawaya\" href=\"https:\/\/dlslawfirm.com\/contact-us\" target=\"_blank\" rel=\"noopener\">env\u00edame un correo electr\u00f3nico<\/a>. O para m\u00e1s informaci\u00f3n, consulta nuestra p\u00e1gina web en www.dlslawfirm.com.<\/p>\n<\/div>\n<\/div>\n","protected":false},"excerpt":{"rendered":"<p>Normalmente, cuando pienso en un accidente de moto, pienso en una colisi\u00f3n entre una moto y un coche, o peor a\u00fan, entre una moto y un cami\u00f3n o un semirremolque. Pero este cliente vio lo que puede ser un accidente m\u00e1s com\u00fan. Un motorista iba a lo suyo por su carril cuando un coche le&#8230;<\/p>\n","protected":false},"author":2,"featured_media":0,"comment_status":"open","ping_status":"open","sticky":false,"template":"","format":"standard","meta":{"_acf_changed":false,"footnotes":""},"categories":[12,13],"tags":[],"class_list":["post-6665","post","type-post","status-publish","format-standard","hentry","category-blog-es","category-danos-personales-es"],"acf":[],"yoast_head":"<!-- This site is optimized with the Yoast SEO plugin v27.4 - https:\/\/yoast.com\/product\/yoast-seo-wordpress\/ -->\n<title>\u00bfHerido en moto? | Abogado de lesiones personales | Denver, CO<\/title>\n<meta name=\"robots\" content=\"index, follow, max-snippet:-1, max-image-preview:large, max-video-preview:-1\" \/>\n<link rel=\"canonical\" href=\"https:\/\/dlslawfirm.com\/es\/blog\/lesionado-en-moto-llama-a-un-abogado-de-lesiones-personales-del-bufete-de-dianne-sawaya\/\" \/>\n<meta property=\"og:locale\" content=\"es_MX\" \/>\n<meta property=\"og:type\" content=\"article\" \/>\n<meta property=\"og:title\" content=\"\u00bfHerido en moto? | Abogado de lesiones personales | Denver, CO\" \/>\n<meta property=\"og:description\" content=\"Normalmente, cuando pienso en un accidente de moto, pienso en una colisi\u00f3n entre una moto y un coche, o peor a\u00fan, entre una moto y un cami\u00f3n o un semirremolque. Pero este cliente vio lo que puede ser un accidente m\u00e1s com\u00fan. Un motorista iba a lo suyo por su carril cuando un coche le...\" \/>\n<meta property=\"og:url\" content=\"https:\/\/dlslawfirm.com\/es\/blog\/lesionado-en-moto-llama-a-un-abogado-de-lesiones-personales-del-bufete-de-dianne-sawaya\/\" \/>\n<meta property=\"og:site_name\" content=\"Law Offices of Dianne Sawaya LLC- En Espanol\" \/>\n<meta property=\"article:published_time\" content=\"2013-06-14T16:13:24+00:00\" \/>\n<meta name=\"author\" content=\"omnizant.support\" \/>\n<meta name=\"twitter:card\" content=\"summary_large_image\" \/>\n<meta name=\"twitter:label1\" content=\"Written by\" \/>\n\t<meta name=\"twitter:data1\" content=\"omnizant.support\" \/>\n\t<meta name=\"twitter:label2\" content=\"Est. reading time\" \/>\n\t<meta name=\"twitter:data2\" content=\"2 minutos\" \/>\n<script type=\"application\/ld+json\" class=\"yoast-schema-graph\">{\"@context\":\"https:\\\/\\\/schema.org\",\"@graph\":[{\"@type\":\"Article\",\"@id\":\"https:\\\/\\\/dlslawfirm.com\\\/es\\\/blog\\\/lesionado-en-moto-llama-a-un-abogado-de-lesiones-personales-del-bufete-de-dianne-sawaya\\\/#article\",\"isPartOf\":{\"@id\":\"https:\\\/\\\/dlslawfirm.com\\\/es\\\/blog\\\/lesionado-en-moto-llama-a-un-abogado-de-lesiones-personales-del-bufete-de-dianne-sawaya\\\/\"},\"author\":{\"name\":\"omnizant.support\",\"@id\":\"https:\\\/\\\/dlslawfirm.com\\\/es\\\/#\\\/schema\\\/person\\\/b33f3a3c5d3d383b8ef9d886863c56b1\"},\"headline\":\"Lesionado en moto &#8211; Llama a un abogado de lesiones personales del bufete de Dianne Sawaya\",\"datePublished\":\"2013-06-14T16:13:24+00:00\",\"mainEntityOfPage\":{\"@id\":\"https:\\\/\\\/dlslawfirm.com\\\/es\\\/blog\\\/lesionado-en-moto-llama-a-un-abogado-de-lesiones-personales-del-bufete-de-dianne-sawaya\\\/\"},\"wordCount\":335,\"commentCount\":0,\"articleSection\":[\"Blog\",\"Da\u00f1os personales\"],\"inLanguage\":\"es\",\"potentialAction\":[{\"@type\":\"CommentAction\",\"name\":\"Comment\",\"target\":[\"https:\\\/\\\/dlslawfirm.com\\\/es\\\/blog\\\/lesionado-en-moto-llama-a-un-abogado-de-lesiones-personales-del-bufete-de-dianne-sawaya\\\/#respond\"]}]},{\"@type\":\"WebPage\",\"@id\":\"https:\\\/\\\/dlslawfirm.com\\\/es\\\/blog\\\/lesionado-en-moto-llama-a-un-abogado-de-lesiones-personales-del-bufete-de-dianne-sawaya\\\/\",\"url\":\"https:\\\/\\\/dlslawfirm.com\\\/es\\\/blog\\\/lesionado-en-moto-llama-a-un-abogado-de-lesiones-personales-del-bufete-de-dianne-sawaya\\\/\",\"name\":\"\u00bfHerido en moto? | Abogado de lesiones personales | Denver, CO\",\"isPartOf\":{\"@id\":\"https:\\\/\\\/dlslawfirm.com\\\/es\\\/#website\"},\"datePublished\":\"2013-06-14T16:13:24+00:00\",\"author\":{\"@id\":\"https:\\\/\\\/dlslawfirm.com\\\/es\\\/#\\\/schema\\\/person\\\/b33f3a3c5d3d383b8ef9d886863c56b1\"},\"breadcrumb\":{\"@id\":\"https:\\\/\\\/dlslawfirm.com\\\/es\\\/blog\\\/lesionado-en-moto-llama-a-un-abogado-de-lesiones-personales-del-bufete-de-dianne-sawaya\\\/#breadcrumb\"},\"inLanguage\":\"es\",\"potentialAction\":[{\"@type\":\"ReadAction\",\"target\":[\"https:\\\/\\\/dlslawfirm.com\\\/es\\\/blog\\\/lesionado-en-moto-llama-a-un-abogado-de-lesiones-personales-del-bufete-de-dianne-sawaya\\\/\"]}]},{\"@type\":\"BreadcrumbList\",\"@id\":\"https:\\\/\\\/dlslawfirm.com\\\/es\\\/blog\\\/lesionado-en-moto-llama-a-un-abogado-de-lesiones-personales-del-bufete-de-dianne-sawaya\\\/#breadcrumb\",\"itemListElement\":[{\"@type\":\"ListItem\",\"position\":1,\"name\":\"Home\",\"item\":\"https:\\\/\\\/dlslawfirm.com\\\/es\\\/\"},{\"@type\":\"ListItem\",\"position\":2,\"name\":\"Lesionado en moto &#8211; Llama a un abogado de lesiones personales del bufete de Dianne Sawaya\"}]},{\"@type\":\"WebSite\",\"@id\":\"https:\\\/\\\/dlslawfirm.com\\\/es\\\/#website\",\"url\":\"https:\\\/\\\/dlslawfirm.com\\\/es\\\/\",\"name\":\"Law Offices of Dianne Sawaya LLC- En Espanol\",\"description\":\"\",\"potentialAction\":[{\"@type\":\"SearchAction\",\"target\":{\"@type\":\"EntryPoint\",\"urlTemplate\":\"https:\\\/\\\/dlslawfirm.com\\\/es\\\/?s={search_term_string}\"},\"query-input\":{\"@type\":\"PropertyValueSpecification\",\"valueRequired\":true,\"valueName\":\"search_term_string\"}}],\"inLanguage\":\"es\"},{\"@type\":\"Person\",\"@id\":\"https:\\\/\\\/dlslawfirm.com\\\/es\\\/#\\\/schema\\\/person\\\/b33f3a3c5d3d383b8ef9d886863c56b1\",\"name\":\"omnizant.support\",\"url\":\"https:\\\/\\\/dlslawfirm.com\\\/es\\\/blog\\\/author\\\/omnizant-support\\\/\"}]}<\/script>\n<!-- \/ Yoast SEO plugin. -->","yoast_head_json":{"title":"\u00bfHerido en moto? | Abogado de lesiones personales | Denver, CO","robots":{"index":"index","follow":"follow","max-snippet":"max-snippet:-1","max-image-preview":"max-image-preview:large","max-video-preview":"max-video-preview:-1"},"canonical":"https:\/\/dlslawfirm.com\/es\/blog\/lesionado-en-moto-llama-a-un-abogado-de-lesiones-personales-del-bufete-de-dianne-sawaya\/","og_locale":"es_MX","og_type":"article","og_title":"\u00bfHerido en moto? | Abogado de lesiones personales | Denver, CO","og_description":"Normalmente, cuando pienso en un accidente de moto, pienso en una colisi\u00f3n entre una moto y un coche, o peor a\u00fan, entre una moto y un cami\u00f3n o un semirremolque. Pero este cliente vio lo que puede ser un accidente m\u00e1s com\u00fan. Un motorista iba a lo suyo por su carril cuando un coche le...","og_url":"https:\/\/dlslawfirm.com\/es\/blog\/lesionado-en-moto-llama-a-un-abogado-de-lesiones-personales-del-bufete-de-dianne-sawaya\/","og_site_name":"Law Offices of Dianne Sawaya LLC- En Espanol","article_published_time":"2013-06-14T16:13:24+00:00","author":"omnizant.support","twitter_card":"summary_large_image","twitter_misc":{"Written by":"omnizant.support","Est. reading time":"2 minutos"},"schema":{"@context":"https:\/\/schema.org","@graph":[{"@type":"Article","@id":"https:\/\/dlslawfirm.com\/es\/blog\/lesionado-en-moto-llama-a-un-abogado-de-lesiones-personales-del-bufete-de-dianne-sawaya\/#article","isPartOf":{"@id":"https:\/\/dlslawfirm.com\/es\/blog\/lesionado-en-moto-llama-a-un-abogado-de-lesiones-personales-del-bufete-de-dianne-sawaya\/"},"author":{"name":"omnizant.support","@id":"https:\/\/dlslawfirm.com\/es\/#\/schema\/person\/b33f3a3c5d3d383b8ef9d886863c56b1"},"headline":"Lesionado en moto &#8211; Llama a un abogado de lesiones personales del bufete de Dianne Sawaya","datePublished":"2013-06-14T16:13:24+00:00","mainEntityOfPage":{"@id":"https:\/\/dlslawfirm.com\/es\/blog\/lesionado-en-moto-llama-a-un-abogado-de-lesiones-personales-del-bufete-de-dianne-sawaya\/"},"wordCount":335,"commentCount":0,"articleSection":["Blog","Da\u00f1os personales"],"inLanguage":"es","potentialAction":[{"@type":"CommentAction","name":"Comment","target":["https:\/\/dlslawfirm.com\/es\/blog\/lesionado-en-moto-llama-a-un-abogado-de-lesiones-personales-del-bufete-de-dianne-sawaya\/#respond"]}]},{"@type":"WebPage","@id":"https:\/\/dlslawfirm.com\/es\/blog\/lesionado-en-moto-llama-a-un-abogado-de-lesiones-personales-del-bufete-de-dianne-sawaya\/","url":"https:\/\/dlslawfirm.com\/es\/blog\/lesionado-en-moto-llama-a-un-abogado-de-lesiones-personales-del-bufete-de-dianne-sawaya\/","name":"\u00bfHerido en moto? | Abogado de lesiones personales | Denver, CO","isPartOf":{"@id":"https:\/\/dlslawfirm.com\/es\/#website"},"datePublished":"2013-06-14T16:13:24+00:00","author":{"@id":"https:\/\/dlslawfirm.com\/es\/#\/schema\/person\/b33f3a3c5d3d383b8ef9d886863c56b1"},"breadcrumb":{"@id":"https:\/\/dlslawfirm.com\/es\/blog\/lesionado-en-moto-llama-a-un-abogado-de-lesiones-personales-del-bufete-de-dianne-sawaya\/#breadcrumb"},"inLanguage":"es","potentialAction":[{"@type":"ReadAction","target":["https:\/\/dlslawfirm.com\/es\/blog\/lesionado-en-moto-llama-a-un-abogado-de-lesiones-personales-del-bufete-de-dianne-sawaya\/"]}]},{"@type":"BreadcrumbList","@id":"https:\/\/dlslawfirm.com\/es\/blog\/lesionado-en-moto-llama-a-un-abogado-de-lesiones-personales-del-bufete-de-dianne-sawaya\/#breadcrumb","itemListElement":[{"@type":"ListItem","position":1,"name":"Home","item":"https:\/\/dlslawfirm.com\/es\/"},{"@type":"ListItem","position":2,"name":"Lesionado en moto &#8211; Llama a un abogado de lesiones personales del bufete de Dianne Sawaya"}]},{"@type":"WebSite","@id":"https:\/\/dlslawfirm.com\/es\/#website","url":"https:\/\/dlslawfirm.com\/es\/","name":"Law Offices of Dianne Sawaya LLC- En Espanol","description":"","potentialAction":[{"@type":"SearchAction","target":{"@type":"EntryPoint","urlTemplate":"https:\/\/dlslawfirm.com\/es\/?s={search_term_string}"},"query-input":{"@type":"PropertyValueSpecification","valueRequired":true,"valueName":"search_term_string"}}],"inLanguage":"es"},{"@type":"Person","@id":"https:\/\/dlslawfirm.com\/es\/#\/schema\/person\/b33f3a3c5d3d383b8ef9d886863c56b1","name":"omnizant.support","url":"https:\/\/dlslawfirm.com\/es\/blog\/author\/omnizant-support\/"}]}},"_links":{"self":[{"href":"https:\/\/dlslawfirm.com\/es\/wp-json\/wp\/v2\/posts\/6665","targetHints":{"allow":["GET"]}}],"collection":[{"href":"https:\/\/dlslawfirm.com\/es\/wp-json\/wp\/v2\/posts"}],"about":[{"href":"https:\/\/dlslawfirm.com\/es\/wp-json\/wp\/v2\/types\/post"}],"author":[{"embeddable":true,"href":"https:\/\/dlslawfirm.com\/es\/wp-json\/wp\/v2\/users\/2"}],"replies":[{"embeddable":true,"href":"https:\/\/dlslawfirm.com\/es\/wp-json\/wp\/v2\/comments?post=6665"}],"version-history":[{"count":0,"href":"https:\/\/dlslawfirm.com\/es\/wp-json\/wp\/v2\/posts\/6665\/revisions"}],"wp:attachment":[{"href":"https:\/\/dlslawfirm.com\/es\/wp-json\/wp\/v2\/media?parent=6665"}],"wp:term":[{"taxonomy":"category","embeddable":true,"href":"https:\/\/dlslawfirm.com\/es\/wp-json\/wp\/v2\/categories?post=6665"},{"taxonomy":"post_tag","embeddable":true,"href":"https:\/\/dlslawfirm.com\/es\/wp-json\/wp\/v2\/tags?post=6665"}],"curies":[{"name":"wp","href":"https:\/\/api.w.org\/{rel}","templated":true}]}}